{"id":2810,"date":"2021-07-22T16:01:03","date_gmt":"2021-07-22T14:01:03","guid":{"rendered":"http:\/\/blog.christoph-kaeppeler.de\/?p=2810"},"modified":"2021-07-22T21:33:03","modified_gmt":"2021-07-22T19:33:03","slug":"wahlkampf-nichtigkeiten-tagebuch-fragment","status":"publish","type":"post","link":"https:\/\/blog.christoph-kaeppeler.de\/?p=2810","title":{"rendered":"Wahlkampf-Nichtigkeiten &#8211; Tagebuch"},"content":{"rendered":"<p><strong>Angela Merkel doch die Klima-Kanzlerin? Pro-Baerbock-Kommentar in der &#8222;Welt&#8220;. Laschet hat jetzt Klimaexperten. Sch\u00f6nes Scholz-Bild ganz unten!<br \/>\n<\/strong><\/p>\n<p>Ich wusste es doch: Springer-Zeitungen und anderen haben keine gezielte Kampagne gegen Annalena Baerbock gef\u00fchrt. Falls es eine gegeben haben sollte (manche sehen das ja so), dann w\u00e4re diese Kampagne beendet mit einem kleinen Abbinder, einem &#8222;Welt&#8220;-Interview : Wahlkampfberater Frank Stauss, aus dessen kritischer Analyse aller drei Kandidaten man noch einmal gerne seine Einsch\u00e4tzung Baerbocks als\u00a0 <a href=\"https:\/\/www.welt.de\/politik\/deutschland\/plus232639755\/Bundestagswahl-Unterqualifizierteste-Kandidatin-die-je-fuer-das-wichtigste-Amt-nominiert-wurde.html\" target=\"_blank\" rel=\"noopener\">&#8222;Unterqualifizierteste Kandidatin, die je f\u00fcr das wichtigste Amt nominiert wurde\u201c<\/a> zur Schlagzeile machte.<\/p>\n<p>Daf\u00fcr aber heute die Meinung der Unternehmerin und Mutter Michaela Hagemann, die im Meinungs-Ressort sagt, <a href=\"https:\/\/www.welt.de\/icon\/partnerschaft\/article232644033\/Plaedoyer-fuer-Annalena-Baerbock-Ich-waehle-nur-noch-Frauen.html\" target=\"_blank\" rel=\"noopener\">sie wolle Annalena Baerbock w\u00e4hlen<\/a>. Ein Gast-Kommentar.<\/p>\n<p>Ansonsten bleibt einfach die ziemlich logische und deshalb kaum verwundernde Erkenntnis bei fast allen, dass wir auf eine Klimakatastrophe zusteuern, und dagegen etwas tun m\u00fcssen.<\/p>\n<p>\u201e<a href=\"https:\/\/www.fr.de\/politik\/sie-nimmt-das-lastenrad-auch-wenn-es-regnet-90876678.html\" target=\"_blank\" rel=\"noopener\">Klimaschutz ist jetzt und f\u00e4llt nicht vom Himmel\u201c<\/a><a href=\"https:\/\/www.welt.de\/politik\/deutschland\/article232656933\/Annalena-Baerbock-Klimaschutz-faellt-nicht-vom-Himmel.html\" target=\"_blank\" rel=\"noopener\">&#8222;<\/a>, sagte Annalena Baerbock bei einem Podium der &#8222;Frankfurter Rundschau&#8220;. Deshalb m\u00fcssten die erneuerbaren \u00d6konomen massiver ausgebaut werden, damit der Kohleausstieg von 2038 auf 2030 vorgezogen werden k\u00f6nnte.<!--more--><\/p>\n<p>Das fordert neuerdings auch <a href=\"https:\/\/www.welt.de\/politik\/deutschland\/article232640511\/Markus-Soeder-fordert-Kohleausstieg-bis-2030-Bayern-ist-im-Klimastress.html\" target=\"_blank\" rel=\"noopener\">CSU-Chef Markus S\u00f6der<\/a> &#8211; wie aus dem Gr\u00fcnen-Wahlprogramm abgeschrieben.<\/p>\n<p>Dessen Ank\u00fcndigungen bewertete Baerbock allerdings skeptisch. &#8222;<a href=\"https:\/\/www.fr.de\/politik\/sie-nimmt-das-lastenrad-auch-wenn-es-regnet-90876678.html\" target=\"_blank\" rel=\"noopener\">Denn entgegen seiner Ank\u00fcndigungen h\u00e4tte er beispielsweise den Ausbau der Windkraft in Bayern nicht vorangebracht<\/a>.&#8220;<\/p>\n<p>Au\u00dferdem hat der Markus S\u00f6der schon von CDU-Kollegen Gegenwind zum Beispiel aus Sachsen bekommen, wo man an dem m\u00fchsam ausgehandelten Datum 2038 festhalten will.<\/p>\n<p>Nicht im Wahlkampf ist ja unsere derzeitige Kanzlerin Angela Merkel. Die stellte sich heute zum 29. und wahrscheinlich letzten Mal in ihrer Amtszeit den Hauptstadtjournalist*innen vor der Bundespressekonferenz. Dass sie in 16 Jahren Kanzlerschaft, und davor in ihren Jahren als Kohl Umweltministerin 1994 bis 1998 nicht gen\u00fcgend gegen die Erderw\u00e4rmung und damit gegen die drohende Klimakatastrophe gemacht habe &#8211; das sah sie da nicht so: &#8222;Ich bin der Meinung, dass ich sehr viel Kraft f\u00fcr den Klimaschutz aufgewandt habe&#8220;, sagte sie. Dennoch habe sie soviel wissenschaftlichen Verstand, um zu erkennen dass man schneller werden m\u00fcsse.<\/p>\n<p>Die Aktivist*innen von &#8222;Fridays for Future&#8220; seien f\u00fcr sie (also sie und ihre Partei CDU) die Antriebskraft. Das finde sie positiv, aber FFF repr\u00e4sentiere nunmal nicht die einzige Meinung in Deutschland. &#8222;Luisa Neubauer w\u00fcrde sagen: Da muss ich mich halt mehr anstrengen&#8220;, scherzte Merkel, und adelte\u00a0 damit die von ihr offensichtlich sehr respektierte Klimaaktivistin mit einer wohlwollenden Erw\u00e4hnung. Man d\u00fcrfe das &#8222;Einfordern der Jugend&#8220; nicht aus den Augen verlieren, und das Urteil des Bundesverfassungsgerichtes, das die Bundesregierung dazu verpflichtet hatte, konkrete Klimaziele f\u00fcr die Zeit nach 2030 zu beschlie\u00dfen, habe sie ermutigt, mehr gegen die drohende Klimakatastrophe zu tun.<\/p>\n<p>Tja, da muss ihr m\u00f6glicher Nachfolger als Kanzler ihrer Partei noch ein wenig mehr Credibility bekommen &#8211; wenn seine Vorg\u00e4ngerin und Parteifreundin sogar mit Luisa Neubauer ganz gut kann. Sie spricht manchmal mit ihr.<\/p>\n<p>Eben ein gro\u00dfer Mist: Klimakatastrophe ist doch Thema geworden. Aber ein flexibles Wahlkampfteam kann, wenn es sein muss, innerhalb k\u00fcrzester Zeit ergr\u00fcnen &#8211; wof\u00fcr echte Gr\u00fcne 40 Jahre brauchten. S\u00f6der will Kohleausstieg 2030 &#8211; Laschet hat einen anderen Joker: Einen waschechten Experten f\u00fcr internationale Klimapolitik! Und wer kriegt es exklusiv?<\/p>\n<blockquote class=\"twitter-tweet\">\n<p dir=\"ltr\" lang=\"de\">WELT meldet exklusiv: Laschet holt Experten f\u00fcr internationale Klimapolitik in CDU-Parteizentrale. <a href=\"https:\/\/t.co\/fEdZUwV6US\">https:\/\/t.co\/fEdZUwV6US<\/a> <a href=\"https:\/\/twitter.com\/welt?ref_src=twsrc%5Etfw\">@welt<\/a> <a href=\"https:\/\/twitter.com\/ArminLaschet?ref_src=twsrc%5Etfw\">@ArminLaschet<\/a> <a href=\"https:\/\/twitter.com\/hashtag\/Laschet?src=hash&amp;ref_src=twsrc%5Etfw\">#Laschet<\/a><\/p>\n<p>\u2014 Robin Alexander (@robinalexander_) <a href=\"https:\/\/twitter.com\/robinalexander_\/status\/1418118206217236483?ref_src=twsrc%5Etfw\">July 22, 2021<\/a><\/p><\/blockquote>\n<p><script async src=\"https:\/\/platform.twitter.com\/widgets.js\" charset=\"utf-8\"><\/script>&#8222;Ruben Schuster, bislang Mitglied des Kabinetts des EU-Umweltkommissars Virginijus Sinkevicius in Br\u00fcssel, wird neuer Leiter f\u00fcr Ausw\u00e4rtige Beziehungen im Konrad-Adenauer-Haus. Dies erfuhr WELT aus Parteikreisen&#8220;. Oha, da hatten sich die Parteikreise wohl verplappert &#8211; die anderen Medien sollten das doch auch erfahren, oder? Oder ob es Tanit Koch war, die Pep in Laschets Wahlkampf bringen sollte, und als ehemalige &#8222;Bild&#8220;-Chefredakteurin wohl eine Kampagne machen darf, die sie sich als Journalistin nat\u00fcrlich immer verkniffen hat? Ja klar, Wahlkampagnen machen ist doch ein ehrenwerter demokratief\u00f6rdernder Job!<\/p>\n<p>Eine Frage stellt sich da aber tats\u00e4chlich:<\/p>\n<blockquote class=\"twitter-tweet\" data-conversation=\"none\">\n<p dir=\"ltr\" lang=\"de\">Wieso gab es da bisher keinen &#8222;Experten&#8220; oder jemanden, der sich f\u00fcr das Thema interessierte?<\/p>\n<p>\u2014 Copacab\u00e4nes (@RioEndie) <a href=\"https:\/\/twitter.com\/RioEndie\/status\/1418138245519577089?ref_src=twsrc%5Etfw\">July 22, 2021<\/a><\/p><\/blockquote>\n<p><script async src=\"https:\/\/platform.twitter.com\/widgets.js\" charset=\"utf-8\"><\/script><br \/>\nAber immerhin: Jetzt hat Laschet einen. Der Experte hat zumindest Ahnung vom Thema und hat f\u00fcr die Konrad-Adenauer-Stiftung gearbeitet:<\/p>\n<blockquote class=\"twitter-tweet\" data-conversation=\"none\">\n<p dir=\"ltr\" lang=\"de\">Ich w\u00fcrde ihn jetzt nicht als anerkannten Wissenschaftler bezeichnen, aber als Kabinettsmitglied der zust\u00e4ndigen EU-Kommissarin mit einem spannenden Portfolio hat er zumindest Ahnung von der Thematik. Vorher war er in KAS-B\u00fcros in mehreren L\u00e4ndern. <a href=\"https:\/\/t.co\/Ufgol8OqfA\">pic.twitter.com\/Ufgol8OqfA<\/a><\/p>\n<p>\u2014 Frederic Schneider (@frederics) <a href=\"https:\/\/twitter.com\/frederics\/status\/1418245826950967311?ref_src=twsrc%5Etfw\">July 22, 2021<\/a><\/p><\/blockquote>\n<p><script async src=\"https:\/\/platform.twitter.com\/widgets.js\" charset=\"utf-8\"><\/script>Jetzt darf man gespannt sein, welchen glaubw\u00fcrdigkeitssteigernden \u00dcberraschungscoup jetzt der CDU-Kanzlerkandidat in den Wahlkampf eingeben wird.<\/p>\n<p>W\u00fcrde man der Meinung anh\u00e4ngen, dass die Springer-Presse Kampagnen macht (ist ja nicht so), dann w\u00fcrde man sehen, dass sie nicht nur Dekreditierung beherrscht, sondern auch das Gegenteil. Zumindest w\u00fcrde sie es in diesem Falle versuchen. N\u00e4mlich Laschets schw\u00e4chelnde Klimapolitikglaubw\u00fcrdigkeit zu st\u00e4rken, gegen eine winzige Exklusivmeldung als Gegenleistung. Daf\u00fcr vorher noch am gleichen Tag als kleines Man\u00f6ver sogar die Meinung einer Frau abgedruckt, die Annalena Baerbock w\u00e4hlen will. So ist es aber nicht: Keine Kampagne, weder gegen Baerbock noch f\u00fcr Laschet!<\/p>\n<p>Und w\u00e4hrenddessen ist der dritte Kandidat erstmal fein raus:<\/p>\n<blockquote class=\"twitter-tweet\">\n<p dir=\"ltr\" lang=\"de\">Bildredaktion. Hohe Kunst. <a href=\"https:\/\/t.co\/QHyjO311Ql\">https:\/\/t.co\/QHyjO311Ql<\/a><\/p>\n<p>\u2014 Franka Welz (@FrankaWelz) <a href=\"https:\/\/twitter.com\/FrankaWelz\/status\/1418254133291888643?ref_src=twsrc%5Etfw\">July 22, 2021<\/a><\/p><\/blockquote>\n<p><script async src=\"https:\/\/platform.twitter.com\/widgets.js\" charset=\"utf-8\"><\/script><\/p>\n<div class=\"shariff shariff-align-left shariff-widget-align-left\" data-services=\"facebook\" data-url=\"https:\/\/blog.christoph-kaeppeler.de\/?p=2810\" data-timestamp=\"1626989583\" data-hidezero=\"1\" data-backendurl=\"?rest_route=\/shariff\/v1\/share_counts&\"><ul class=\"shariff-buttons theme-default orientation-horizontal buttonsize-medium\"><li class=\"shariff-button mastodon shariff-nocustomcolor\" style=\"background-color:#563ACC\"><a href=\"https:\/\/s2f.kytta.dev\/?text=Wahlkampf-Nichtigkeiten%20%E2%80%93%20Tagebuch https%3A%2F%2Fblog.christoph-kaeppeler.de%2F%3Fp%3D2810 via @CKaeppeler@social.cologne\" title=\"Bei Mastodon teilen\" aria-label=\"Bei Mastodon teilen\" role=\"button\" rel=\"noopener nofollow\" class=\"shariff-link\" style=\"; background-color:#6364FF; color:#fff\" target=\"_blank\"><span class=\"shariff-icon\" style=\"\"><svg width=\"75\" height=\"79\" viewBox=\"0 0 75 79\" fill=\"none\" xmlns=\"http:\/\/www.w3.org\/2000\/svg\"><path d=\"M37.813-.025C32.462-.058 27.114.13 21.79.598c-8.544.621-17.214 5.58-20.203 13.931C-1.12 23.318.408 32.622.465 41.65c.375 7.316.943 14.78 3.392 21.73 4.365 9.465 14.781 14.537 24.782 15.385 7.64.698 15.761-.213 22.517-4.026a54.1 54.1 0 0 0 .01-6.232c-6.855 1.316-14.101 2.609-21.049 1.074-3.883-.88-6.876-4.237-7.25-8.215-1.53-3.988 3.78-.43 5.584-.883 9.048 1.224 18.282.776 27.303-.462 7.044-.837 14.26-4.788 16.65-11.833 2.263-6.135 1.215-12.79 1.698-19.177.06-3.84.09-7.692-.262-11.52C72.596 7.844 63.223.981 53.834.684a219.453 219.453 0 0 0-16.022-.71zm11.294 12.882c5.5-.067 10.801 4.143 11.67 9.653.338 1.48.471 3 .471 4.515v21.088h-8.357c-.07-7.588.153-15.182-.131-22.765-.587-4.368-7.04-5.747-9.672-2.397-2.422 3.04-1.47 7.155-1.67 10.735v6.392h-8.307c-.146-4.996.359-10.045-.404-15.002-1.108-4.218-7.809-5.565-10.094-1.666-1.685 3.046-.712 6.634-.976 9.936v14.767h-8.354c.109-8.165-.238-16.344.215-24.5.674-5.346 5.095-10.389 10.676-10.627 4.902-.739 10.103 2.038 12.053 6.631.375 1.435 1.76 1.932 1.994.084 1.844-3.704 5.501-6.739 9.785-6.771.367-.044.735-.068 1.101-.073z\"\/><defs><linearGradient id=\"paint0_linear_549_34\" x1=\"37.0692\" y1=\"0\" x2=\"37.0692\" y2=\"79\" gradientUnits=\"userSpaceOnUse\"><stop stop-color=\"#6364FF\"\/><stop offset=\"1\" stop-color=\"#563ACC\"\/><\/linearGradient><\/defs><\/svg><\/span><span class=\"shariff-text\">teilen<\/span>&nbsp;<\/a><\/li><li class=\"shariff-button bluesky shariff-nocustomcolor\" style=\"background-color:#84c4ff\"><a href=\"https:\/\/bsky.app\/intent\/compose?text=Wahlkampf-Nichtigkeiten%20%E2%80%93%20Tagebuch https%3A%2F%2Fblog.christoph-kaeppeler.de%2F%3Fp%3D2810 \" title=\"Bei Bluesky teilen\" aria-label=\"Bei Bluesky teilen\" role=\"button\" rel=\"noopener nofollow\" class=\"shariff-link\" style=\"; background-color:#0085ff; color:#fff\" target=\"_blank\"><span class=\"shariff-icon\" style=\"\"><svg width=\"20\" height=\"20\" version=\"1.1\" xmlns=\"http:\/\/www.w3.org\/2000\/svg\" viewBox=\"0 0 20 20\"><path class=\"st0\" d=\"M4.89,3.12c2.07,1.55,4.3,4.71,5.11,6.4.82-1.69,3.04-4.84,5.11-6.4,1.49-1.12,3.91-1.99,3.91.77,0,.55-.32,4.63-.5,5.3-.64,2.3-2.99,2.89-5.08,2.54,3.65.62,4.58,2.68,2.57,4.74-3.81,3.91-5.48-.98-5.9-2.23-.08-.23-.11-.34-.12-.25,0-.09-.04.02-.12.25-.43,1.25-2.09,6.14-5.9,2.23-2.01-2.06-1.08-4.12,2.57-4.74-2.09.36-4.44-.23-5.08-2.54-.19-.66-.5-4.74-.5-5.3,0-2.76,2.42-1.89,3.91-.77h0Z\"\/><\/svg><\/span><span class=\"shariff-text\">teilen<\/span>&nbsp;<\/a><\/li><li class=\"shariff-button twitter shariff-nocustomcolor\" style=\"background-color:#595959\"><a href=\"https:\/\/twitter.com\/share?url=https%3A%2F%2Fblog.christoph-kaeppeler.de%2F%3Fp%3D2810&text=Wahlkampf-Nichtigkeiten%20%E2%80%93%20Tagebuch&via=CKaeppeler\" title=\"Bei X teilen\" aria-label=\"Bei X teilen\" role=\"button\" rel=\"noopener nofollow\" class=\"shariff-link\" style=\"; background-color:#000; color:#fff\" target=\"_blank\"><span class=\"shariff-icon\" style=\"\"><svg width=\"32px\" height=\"20px\" xmlns=\"http:\/\/www.w3.org\/2000\/svg\" viewBox=\"0 0 24 24\"><path fill=\"#000\" d=\"M14.258 10.152L23.176 0h-2.113l-7.747 8.813L7.133 0H0l9.352 13.328L0 23.973h2.113l8.176-9.309 6.531 9.309h7.133zm-2.895 3.293l-.949-1.328L2.875 1.56h3.246l6.086 8.523.945 1.328 7.91 11.078h-3.246zm0 0\"\/><\/svg><\/span><span class=\"shariff-text\">teilen<\/span>&nbsp;<\/a><\/li><li class=\"shariff-button facebook shariff-nocustomcolor\" style=\"background-color:#4273c8\"><a href=\"https:\/\/www.facebook.com\/sharer\/sharer.php?u=https%3A%2F%2Fblog.christoph-kaeppeler.de%2F%3Fp%3D2810\" title=\"Bei Facebook teilen\" aria-label=\"Bei Facebook teilen\" role=\"button\" rel=\"nofollow\" class=\"shariff-link\" style=\"; background-color:#3b5998; color:#fff\" target=\"_blank\"><span class=\"shariff-icon\" style=\"\"><svg width=\"32px\" height=\"20px\" xmlns=\"http:\/\/www.w3.org\/2000\/svg\" viewBox=\"0 0 18 32\"><path fill=\"#3b5998\" d=\"M17.1 0.2v4.7h-2.8q-1.5 0-2.1 0.6t-0.5 1.9v3.4h5.2l-0.7 5.3h-4.5v13.6h-5.5v-13.6h-4.5v-5.3h4.5v-3.9q0-3.3 1.9-5.2t5-1.8q2.6 0 4.1 0.2z\"\/><\/svg><\/span><span class=\"shariff-text\">teilen<\/span>&nbsp;<span data-service=\"facebook\" style=\"color:#3b5998\" class=\"shariff-count shariff-hidezero\"><\/span>&nbsp;<\/a><\/li><li class=\"shariff-button whatsapp shariff-nocustomcolor\" style=\"background-color:#5cbe4a\"><a href=\"https:\/\/api.whatsapp.com\/send?text=https%3A%2F%2Fblog.christoph-kaeppeler.de%2F%3Fp%3D2810%20Wahlkampf-Nichtigkeiten%20%E2%80%93%20Tagebuch\" title=\"Bei Whatsapp teilen\" aria-label=\"Bei Whatsapp teilen\" role=\"button\" rel=\"noopener nofollow\" class=\"shariff-link\" style=\"; background-color:#34af23; color:#fff\" target=\"_blank\"><span class=\"shariff-icon\" style=\"\"><svg width=\"32px\" height=\"20px\" xmlns=\"http:\/\/www.w3.org\/2000\/svg\" viewBox=\"0 0 32 32\"><path fill=\"#34af23\" d=\"M17.6 17.4q0.2 0 1.7 0.8t1.6 0.9q0 0.1 0 0.3 0 0.6-0.3 1.4-0.3 0.7-1.3 1.2t-1.8 0.5q-1 0-3.4-1.1-1.7-0.8-3-2.1t-2.6-3.3q-1.3-1.9-1.3-3.5v-0.1q0.1-1.6 1.3-2.8 0.4-0.4 0.9-0.4 0.1 0 0.3 0t0.3 0q0.3 0 0.5 0.1t0.3 0.5q0.1 0.4 0.6 1.6t0.4 1.3q0 0.4-0.6 1t-0.6 0.8q0 0.1 0.1 0.3 0.6 1.3 1.8 2.4 1 0.9 2.7 1.8 0.2 0.1 0.4 0.1 0.3 0 1-0.9t0.9-0.9zM14 26.9q2.3 0 4.3-0.9t3.6-2.4 2.4-3.6 0.9-4.3-0.9-4.3-2.4-3.6-3.6-2.4-4.3-0.9-4.3 0.9-3.6 2.4-2.4 3.6-0.9 4.3q0 3.6 2.1 6.6l-1.4 4.2 4.3-1.4q2.8 1.9 6.2 1.9zM14 2.2q2.7 0 5.2 1.1t4.3 2.9 2.9 4.3 1.1 5.2-1.1 5.2-2.9 4.3-4.3 2.9-5.2 1.1q-3.5 0-6.5-1.7l-7.4 2.4 2.4-7.2q-1.9-3.2-1.9-6.9 0-2.7 1.1-5.2t2.9-4.3 4.3-2.9 5.2-1.1z\"\/><\/svg><\/span><span class=\"shariff-text\">teilen<\/span>&nbsp;<\/a><\/li><li class=\"shariff-button threema shariff-nocustomcolor shariff-mobile\" style=\"background-color:#4fbc24\"><a href=\"threema:\/\/compose?text=Wahlkampf-Nichtigkeiten%20%E2%80%93%20Tagebuch%20https%3A%2F%2Fblog.christoph-kaeppeler.de%2F%3Fp%3D2810\" title=\"Bei Threema teilen\" aria-label=\"Bei Threema teilen\" role=\"button\" rel=\"noopener nofollow\" class=\"shariff-link\" style=\"; background-color:#1f1f1f; color:#fff\" target=\"_blank\"><span class=\"shariff-icon\" style=\"\"><svg width=\"32px\" height=\"20px\" xmlns=\"http:\/\/www.w3.org\/2000\/svg\" viewBox=\"0 0 32 32\"><path fill=\"#1f1f1f\" d=\"M30.8 10.9c-0.3-1.4-0.9-2.6-1.8-3.8-2-2.6-5.5-4.5-9.4-5.2-1.3-0.2-1.9-0.3-3.5-0.3s-2.2 0-3.5 0.3c-4 0.7-7.4 2.6-9.4 5.2-0.9 1.2-1.5 2.4-1.8 3.8-0.1 0.5-0.2 1.2-0.2 1.6 0 0.4 0.1 1.1 0.2 1.6 0.4 1.9 1.3 3.4 2.9 5 0.8 0.8 0.8 0.8 0.7 1.3 0 0.6-0.5 1.6-1.7 3.6-0.3 0.5-0.5 0.9-0.5 0.9 0 0.1 0.1 0.1 0.5 0 0.8-0.2 2.3-0.6 5.6-1.6 1.1-0.3 1.3-0.4 2.3-0.4 0.8 0 1.1 0 2.3 0.2 1.5 0.2 3.5 0.2 4.9 0 5.1-0.6 9.3-2.9 11.4-6.3 0.5-0.9 0.9-1.8 1.1-2.8 0.1-0.5 0.2-1.1 0.2-1.6 0-0.7-0.1-1.1-0.2-1.6-0.3-1.4 0.1 0.5 0 0zM20.6 17.3c0 0.4-0.4 0.8-0.8 0.8h-7.7c-0.4 0-0.8-0.4-0.8-0.8v-4.6c0-0.4 0.4-0.8 0.8-0.8h0.2l0-1.6c0-0.9 0-1.8 0.1-2 0.1-0.6 0.6-1.2 1.1-1.7s1.1-0.7 1.9-0.8c1.8-0.3 3.7 0.7 4.2 2.2 0.1 0.3 0.1 0.7 0.1 2.1v0 1.7h0.1c0.4 0 0.8 0.4 0.8 0.8v4.6zM15.6 7.3c-0.5 0.1-0.8 0.3-1.2 0.6s-0.6 0.8-0.7 1.3c0 0.2 0 0.8 0 1.5l0 1.2h4.6v-1.3c0-1 0-1.4-0.1-1.6-0.3-1.1-1.5-1.9-2.6-1.7zM25.8 28.2c0 1.2-1 2.2-2.1 2.2s-2.1-1-2.1-2.1c0-1.2 1-2.1 2.2-2.1s2.2 1 2.2 2.2zM18.1 28.2c0 1.2-1 2.2-2.1 2.2s-2.1-1-2.1-2.1c0-1.2 1-2.1 2.2-2.1s2.2 1 2.2 2.2zM10.4 28.2c0 1.2-1 2.2-2.1 2.2s-2.1-1-2.1-2.1c0-1.2 1-2.1 2.2-2.1s2.2 1 2.2 2.2z\"\/><\/svg><\/span><span class=\"shariff-text\">teilen<\/span>&nbsp;<\/a><\/li><li class=\"shariff-button info shariff-nocustomcolor\" style=\"background-color:#eee\"><a href=\"http:\/\/ct.de\/-2467514\" title=\"Weitere Informationen\" aria-label=\"Weitere Informationen\" role=\"button\" rel=\"noopener \" class=\"shariff-link\" style=\"; background-color:#fff; color:#fff\" target=\"_blank\"><span class=\"shariff-icon\" style=\"\"><svg width=\"32px\" height=\"20px\" xmlns=\"http:\/\/www.w3.org\/2000\/svg\" viewBox=\"0 0 11 32\"><path fill=\"#999\" d=\"M11.4 24v2.3q0 0.5-0.3 0.8t-0.8 0.4h-9.1q-0.5 0-0.8-0.4t-0.4-0.8v-2.3q0-0.5 0.4-0.8t0.8-0.4h1.1v-6.8h-1.1q-0.5 0-0.8-0.4t-0.4-0.8v-2.3q0-0.5 0.4-0.8t0.8-0.4h6.8q0.5 0 0.8 0.4t0.4 0.8v10.3h1.1q0.5 0 0.8 0.4t0.3 0.8zM9.2 3.4v3.4q0 0.5-0.4 0.8t-0.8 0.4h-4.6q-0.4 0-0.8-0.4t-0.4-0.8v-3.4q0-0.4 0.4-0.8t0.8-0.4h4.6q0.5 0 0.8 0.4t0.4 0.8z\"\/><\/svg><\/span><\/a><\/li><li class=\"shariff-button mailto shariff-nocustomcolor\" style=\"background-color:#a8a8a8\"><a href=\"mailto:?body=https%3A%2F%2Fblog.christoph-kaeppeler.de%2F%3Fp%3D2810&subject=Wahlkampf-Nichtigkeiten%20%E2%80%93%20Tagebuch\" title=\"Per E-Mail versenden\" aria-label=\"Per E-Mail versenden\" role=\"button\" rel=\"noopener nofollow\" class=\"shariff-link\" style=\"; background-color:#999; color:#fff\"><span class=\"shariff-icon\" style=\"\"><svg width=\"32px\" height=\"20px\" xmlns=\"http:\/\/www.w3.org\/2000\/svg\" viewBox=\"0 0 32 32\"><path fill=\"#999\" d=\"M32 12.7v14.2q0 1.2-0.8 2t-2 0.9h-26.3q-1.2 0-2-0.9t-0.8-2v-14.2q0.8 0.9 1.8 1.6 6.5 4.4 8.9 6.1 1 0.8 1.6 1.2t1.7 0.9 2 0.4h0.1q0.9 0 2-0.4t1.7-0.9 1.6-1.2q3-2.2 8.9-6.1 1-0.7 1.8-1.6zM32 7.4q0 1.4-0.9 2.7t-2.2 2.2q-6.7 4.7-8.4 5.8-0.2 0.1-0.7 0.5t-1 0.7-0.9 0.6-1.1 0.5-0.9 0.2h-0.1q-0.4 0-0.9-0.2t-1.1-0.5-0.9-0.6-1-0.7-0.7-0.5q-1.6-1.1-4.7-3.2t-3.6-2.6q-1.1-0.7-2.1-2t-1-2.5q0-1.4 0.7-2.3t2.1-0.9h26.3q1.2 0 2 0.8t0.9 2z\"\/><\/svg><\/span><span class=\"shariff-text\">E-Mail<\/span>&nbsp;<\/a><\/li><\/ul><\/div>","protected":false},"excerpt":{"rendered":"<p>Angela Merkel doch die Klima-Kanzlerin? Pro-Baerbock-Kommentar in der &#8222;Welt&#8220;. Laschet hat jetzt Klimaexperten. Sch\u00f6nes Scholz-Bild ganz unten! Ich wusste es doch: Springer-Zeitungen und anderen haben keine gezielte Kampagne gegen Annalena Baerbock gef\u00fchrt. Falls es eine gegeben haben sollte (manche sehen das ja so), dann w\u00e4re diese Kampagne beendet mit einem kleinen Abbinder, einem &#8222;Welt&#8220;-Interview :&hellip;<a href=\"https:\/\/blog.christoph-kaeppeler.de\/?p=2810\">Weiterlesen <span class=\"screen-reader-text\">Wahlkampf-Nichtigkeiten &#8211; Tagebuch<\/span><\/a><\/p>\n","protected":false},"author":1,"featured_media":0,"comment_status":"open","ping_status":"open","sticky":false,"template":"","format":"standard","meta":{"jetpack_post_was_ever_published":false,"_jetpack_newsletter_access":"","_jetpack_dont_email_post_to_subs":false,"_jetpack_newsletter_tier_id":0,"_jetpack_memberships_contains_paywalled_content":false,"_jetpack_memberships_contains_paid_content":false,"footnotes":"","jetpack_publicize_message":"","jetpack_publicize_feature_enabled":true,"jetpack_social_post_already_shared":true,"jetpack_social_options":{"image_generator_settings":{"template":"highway","default_image_id":0,"font":"","enabled":false},"version":2}},"categories":[1],"tags":[],"class_list":["post-2810","post","type-post","status-publish","format-standard","hentry","category-allgemein"],"jetpack_publicize_connections":[],"jetpack_featured_media_url":"","jetpack_sharing_enabled":true,"jetpack_shortlink":"https:\/\/wp.me\/paPoVr-Jk","jetpack-related-posts":[],"_links":{"self":[{"href":"https:\/\/blog.christoph-kaeppeler.de\/index.php?rest_route=\/wp\/v2\/posts\/2810","targetHints":{"allow":["GET"]}}],"collection":[{"href":"https:\/\/blog.christoph-kaeppeler.de\/index.php?rest_route=\/wp\/v2\/posts"}],"about":[{"href":"https:\/\/blog.christoph-kaeppeler.de\/index.php?rest_route=\/wp\/v2\/types\/post"}],"author":[{"embeddable":true,"href":"https:\/\/blog.christoph-kaeppeler.de\/index.php?rest_route=\/wp\/v2\/users\/1"}],"replies":[{"embeddable":true,"href":"https:\/\/blog.christoph-kaeppeler.de\/index.php?rest_route=%2Fwp%2Fv2%2Fcomments&post=2810"}],"version-history":[{"count":9,"href":"https:\/\/blog.christoph-kaeppeler.de\/index.php?rest_route=\/wp\/v2\/posts\/2810\/revisions"}],"predecessor-version":[{"id":2815,"href":"https:\/\/blog.christoph-kaeppeler.de\/index.php?rest_route=\/wp\/v2\/posts\/2810\/revisions\/2815"}],"wp:attachment":[{"href":"https:\/\/blog.christoph-kaeppeler.de\/index.php?rest_route=%2Fwp%2Fv2%2Fmedia&parent=2810"}],"wp:term":[{"taxonomy":"category","embeddable":true,"href":"https:\/\/blog.christoph-kaeppeler.de\/index.php?rest_route=%2Fwp%2Fv2%2Fcategories&post=2810"},{"taxonomy":"post_tag","embeddable":true,"href":"https:\/\/blog.christoph-kaeppeler.de\/index.php?rest_route=%2Fwp%2Fv2%2Ftags&post=2810"}],"curies":[{"name":"wp","href":"https:\/\/api.w.org\/{rel}","templated":true}]}}